{"id":3613,"date":"2026-08-30T10:22:29","date_gmt":"2026-08-30T08:22:29","guid":{"rendered":"https:\/\/lbvcodex.be\/?p=3613"},"modified":"2026-08-30T10:59:34","modified_gmt":"2026-08-30T08:59:34","slug":"rencontre-litteraire-nivelles","status":"publish","type":"post","link":"https:\/\/lbvcodex.be\/index.php\/2026\/08\/30\/rencontre-litteraire-nivelles\/","title":{"rendered":"Rencontre Litt\u00e9raire Nivelles"},"content":{"rendered":"\n<p class=\"wp-block-paragraph\"><strong>Inscrivez-vous !<\/strong><\/p>\n\n\n\n<h3 class=\"wp-block-heading has-text-align-center alignwide\">\ud83d\udcda Rencontres d\u2019auteurs \u00e0 Nivelles \u2013 Les inscriptions 2027 sont ouvertes !<\/h3>\n\n\n\n<p class=\"wp-block-paragraph\">Apr\u00e8s les rencontres organis\u00e9es en 2026, l\u2019aventure continue en 2027 \u00e0 la&nbsp;<strong>Taverne de la Coll\u00e9giale, sur la Grand-Place de Nivelles<\/strong>&nbsp;!<\/p>\n\n\n\n<p class=\"wp-block-paragraph\">Ces rendez-vous sont n\u00e9s d\u2019une envie toute simple : permettre aux auteurs et aux lecteurs de se rencontrer autrement, dans une ambiance conviviale et accessible, autour des livres et du plaisir d\u2019\u00e9changer.<\/p>\n\n\n\n<p class=\"wp-block-paragraph\">Pas de grand salon ni de longues rang\u00e9es de stands : ici, nous privil\u00e9gions la proximit\u00e9. Les auteurs peuvent pr\u00e9senter leurs ouvrages, discuter avec les visiteurs, d\u00e9dicacer leurs livres et prendre le temps de faire d\u00e9couvrir leur univers.<\/p>\n\n\n\n<h4 class=\"wp-block-heading\">\u2728 Une nouveaut\u00e9 pour 2027<\/h4>\n\n\n\n<p class=\"wp-block-paragraph\">Afin d\u2019ouvrir ces rencontres \u00e0 davantage d\u2019auteurs,&nbsp;<strong>LBV Codex, en collaboration avec la Taverne de la Coll\u00e9giale et Nawak Graphisme, proposera d\u00e9sormais deux rendez-vous par mois<\/strong>&nbsp;:<\/p>\n\n\n\n<p class=\"wp-block-paragraph\">\ud83d\udcc5\u00a0<strong>le 2\u1d49 samedi du mois<\/strong> de 9h \u00e0 14h<br>\ud83d\udcc5\u00a0<strong>le 4\u1d49 samedi du mois<\/strong> de 9h \u00e0 14h<\/p>\n\n\n\n<p class=\"wp-block-paragraph\">Chaque rencontre accueillera&nbsp;<strong>deux auteurs<\/strong>, afin de conserver l\u2019esprit convivial et les possibilit\u00e9s d\u2019\u00e9change qui font tout l\u2019int\u00e9r\u00eat de ces matin\u00e9es litt\u00e9raires.<\/p>\n\n\n\n<h4 class=\"wp-block-heading\">\u270d\ufe0f Vous souhaitez participer ?<\/h4>\n\n\n\n<p class=\"wp-block-paragraph\">Les candidatures pour&nbsp;<strong>2027 sont d\u00e9sormais ouvertes<\/strong>.<\/p>\n\n\n\n<p class=\"wp-block-paragraph\">Il vous suffit de compl\u00e9ter notre formulaire et d\u2019y indiquer vos disponibilit\u00e9s pour les diff\u00e9rentes dates propos\u00e9es.<\/p>\n\n\n\n<p class=\"wp-block-paragraph\">\u26a0\ufe0f&nbsp;<strong>Attention : remplir le formulaire ne garantit pas automatiquement une participation.<\/strong><\/p>\n\n\n\n<p class=\"wp-block-paragraph\">M\u00eame avec l\u2019ajout d\u2019un deuxi\u00e8me samedi chaque mois, le nombre de places reste limit\u00e9 et nous ne pourrons malheureusement pas accueillir toutes les demandes.<\/p>\n\n\n\n<p class=\"wp-block-paragraph\">Les auteurs retenus seront contact\u00e9s&nbsp;<strong>dans le courant du mois de novembre<\/strong>&nbsp;afin de convenir et de confirmer leur date de rencontre.<\/p>\n\n\n\n<h3 class=\"wp-block-heading\">\u2615 Des livres, mais surtout des rencontres<\/h3>\n\n\n\n<p class=\"wp-block-paragraph\">L\u2019objectif reste avant tout de cr\u00e9er un rendez-vous chaleureux entre auteurs, lecteurs et curieux, au c\u0153ur de Nivelles.<\/p>\n\n\n\n<p class=\"wp-block-paragraph\">Que l\u2019on vienne sp\u00e9cialement pour rencontrer un auteur ou simplement prendre un caf\u00e9 et d\u00e9couvrir quelques livres, chacun est le bienvenu.<\/p>\n\n\n\n<p class=\"wp-block-paragraph\">\ud83d\udccd&nbsp;<strong>Taverne de la Coll\u00e9giale<\/strong><br>Grand-Place de Nivelles<\/p>\n\n\n\n<p class=\"wp-block-paragraph\">\ud83d\udc49&nbsp;<strong>Envie de participer en 2027 ? Compl\u00e9tez le formulaire d\u2019inscription ci-dessous.<\/strong><\/p>\n\n\n\n<p class=\"wp-block-paragraph\"><a href=\"https:\/\/forms.gle\/Ar3EYwo1pWFWmzi17\">Je m\u2019inscris aux rencontres<\/a><\/p>\n\n\n\n<figure class=\"wp-block-gallery has-nested-images columns-default is-cropped wp-block-gallery-2 is-layout-flex wp-block-gallery-is-layout-flex\">\n<figure class=\"wp-block-image size-large\"><img fetchpriority=\"high\" decoding=\"async\" width=\"1024\" height=\"683\" data-id=\"3618\" src=\"https:\/\/lbvcodex.be\/wp-content\/uploads\/2026\/08\/765694660_998882373192874_4413960066202354311_n-1-1024x683.jpg\" alt=\"\" class=\"wp-image-3618\" srcset=\"https:\/\/lbvcodex.be\/wp-content\/uploads\/2026\/08\/765694660_998882373192874_4413960066202354311_n-1-1024x683.jpg 1024w, https:\/\/lbvcodex.be\/wp-content\/uploads\/2026\/08\/765694660_998882373192874_4413960066202354311_n-1-300x200.jpg 300w, https:\/\/lbvcodex.be\/wp-content\/uploads\/2026\/08\/765694660_998882373192874_4413960066202354311_n-1-768x512.jpg 768w, https:\/\/lbvcodex.be\/wp-content\/uploads\/2026\/08\/765694660_998882373192874_4413960066202354311_n-1-1536x1025.jpg 1536w, https:\/\/lbvcodex.be\/wp-content\/uploads\/2026\/08\/765694660_998882373192874_4413960066202354311_n-1.jpg 2048w\" sizes=\"(max-width: 1024px) 100vw, 1024px\" \/><\/figure>\n\n\n\n<figure class=\"wp-block-image size-large\"><img decoding=\"async\" width=\"819\" height=\"1024\" data-id=\"3617\" src=\"https:\/\/lbvcodex.be\/wp-content\/uploads\/2026\/08\/781979655_122099632617449276_2914540323875673598_n-819x1024.jpg\" alt=\"\" class=\"wp-image-3617\" srcset=\"https:\/\/lbvcodex.be\/wp-content\/uploads\/2026\/08\/781979655_122099632617449276_2914540323875673598_n-819x1024.jpg 819w, https:\/\/lbvcodex.be\/wp-content\/uploads\/2026\/08\/781979655_122099632617449276_2914540323875673598_n-240x300.jpg 240w, https:\/\/lbvcodex.be\/wp-content\/uploads\/2026\/08\/781979655_122099632617449276_2914540323875673598_n-768x960.jpg 768w, https:\/\/lbvcodex.be\/wp-content\/uploads\/2026\/08\/781979655_122099632617449276_2914540323875673598_n.jpg 1161w\" sizes=\"(max-width: 819px) 100vw, 819px\" \/><\/figure>\n\n\n\n<figure class=\"wp-block-image size-large\"><img decoding=\"async\" width=\"377\" height=\"471\" data-id=\"3615\" src=\"https:\/\/lbvcodex.be\/wp-content\/uploads\/2026\/08\/781207793_122099631747449276_2871236689441394210_n.jpg\" alt=\"\" class=\"wp-image-3615\" srcset=\"https:\/\/lbvcodex.be\/wp-content\/uploads\/2026\/08\/781207793_122099631747449276_2871236689441394210_n.jpg 377w, https:\/\/lbvcodex.be\/wp-content\/uploads\/2026\/08\/781207793_122099631747449276_2871236689441394210_n-240x300.jpg 240w\" sizes=\"(max-width: 377px) 100vw, 377px\" \/><\/figure>\n\n\n\n<figure class=\"wp-block-image size-large\"><img loading=\"lazy\" decoding=\"async\" width=\"819\" height=\"1024\" data-id=\"3616\" src=\"https:\/\/lbvcodex.be\/wp-content\/uploads\/2026\/08\/778504785_122097865095449276_5704649993405974593_n-819x1024.jpg\" alt=\"\" class=\"wp-image-3616\" srcset=\"https:\/\/lbvcodex.be\/wp-content\/uploads\/2026\/08\/778504785_122097865095449276_5704649993405974593_n-819x1024.jpg 819w, https:\/\/lbvcodex.be\/wp-content\/uploads\/2026\/08\/778504785_122097865095449276_5704649993405974593_n-240x300.jpg 240w, https:\/\/lbvcodex.be\/wp-content\/uploads\/2026\/08\/778504785_122097865095449276_5704649993405974593_n-768x960.jpg 768w, https:\/\/lbvcodex.be\/wp-content\/uploads\/2026\/08\/778504785_122097865095449276_5704649993405974593_n.jpg 841w\" sizes=\"(max-width: 819px) 100vw, 819px\" \/><\/figure>\n\n\n\n<figure class=\"wp-block-image size-large\"><img loading=\"lazy\" decoding=\"async\" width=\"820\" height=\"1024\" data-id=\"3619\" src=\"https:\/\/lbvcodex.be\/wp-content\/uploads\/2026\/08\/784080207_122099631927449276_121419632360363491_n-820x1024.jpeg\" alt=\"\" class=\"wp-image-3619\" srcset=\"https:\/\/lbvcodex.be\/wp-content\/uploads\/2026\/08\/784080207_122099631927449276_121419632360363491_n-820x1024.jpeg 820w, https:\/\/lbvcodex.be\/wp-content\/uploads\/2026\/08\/784080207_122099631927449276_121419632360363491_n-240x300.jpeg 240w, https:\/\/lbvcodex.be\/wp-content\/uploads\/2026\/08\/784080207_122099631927449276_121419632360363491_n-768x960.jpeg 768w, https:\/\/lbvcodex.be\/wp-content\/uploads\/2026\/08\/784080207_122099631927449276_121419632360363491_n-1229x1536.jpeg 1229w, https:\/\/lbvcodex.be\/wp-content\/uploads\/2026\/08\/784080207_122099631927449276_121419632360363491_n.jpeg 1351w\" sizes=\"(max-width: 820px) 100vw, 820px\" \/><\/figure>\n<\/figure>\n","protected":false},"excerpt":{"rendered":"<p>Inscrivez-vous ! \ud83d\udcda Rencontres d\u2019auteurs \u00e0 Nivelles \u2013 Les inscriptions 2027 sont ouvertes ! Apr\u00e8s les rencontres organis\u00e9es en 2026, [&hellip;]<\/p>\n","protected":false},"author":1,"featured_media":3618,"comment_status":"open","ping_status":"open","sticky":false,"template":"","format":"standard","meta":{"site-sidebar-layout":"default","site-content-layout":"","ast-site-content-layout":"","site-content-style":"default","site-sidebar-style":"default","ast-global-header-display":"","ast-banner-title-visibility":"","ast-main-header-display":"","ast-hfb-above-header-display":"","ast-hfb-below-header-display":"","ast-hfb-mobile-header-display":"","site-post-title":"","ast-breadcrumbs-content":"","ast-featured-img":"disabled","footer-sml-layout":"","ast-disable-related-posts":"","theme-transparent-header-meta":"","adv-header-id-meta":"","stick-header-meta":"","header-above-stick-meta":"","header-main-stick-meta":"","header-below-stick-meta":"","astra-migrate-meta-layouts":"default","ast-page-background-enabled":"default","ast-page-background-meta":{"desktop":{"background-color":"var(--ast-global-color-5)","background-image":"","background-repeat":"repeat","background-position":"center center","background-size":"auto","background-attachment":"scroll","background-type":"","background-media":"","overlay-type":"","overlay-color":"","overlay-opacity":"","overlay-gradient":""},"tablet":{"background-color":"","background-image":"","background-repeat":"repeat","background-position":"center center","background-size":"auto","background-attachment":"scroll","background-type":"","background-media":"","overlay-type":"","overlay-color":"","overlay-opacity":"","overlay-gradient":""},"mobile":{"background-color":"","background-image":"","background-repeat":"repeat","background-position":"center center","background-size":"auto","background-attachment":"scroll","background-type":"","background-media":"","overlay-type":"","overlay-color":"","overlay-opacity":"","overlay-gradient":""}},"ast-content-background-meta":{"desktop":{"background-color":"var(--ast-global-color-4)","background-image":"","background-repeat":"repeat","background-position":"center center","background-size":"auto","background-attachment":"scroll","background-type":"","background-media":"","overlay-type":"","overlay-color":"","overlay-opacity":"","overlay-gradient":""},"tablet":{"background-color":"var(--ast-global-color-4)","background-image":"","background-repeat":"repeat","background-position":"center center","background-size":"auto","background-attachment":"scroll","background-type":"","background-media":"","overlay-type":"","overlay-color":"","overlay-opacity":"","overlay-gradient":""},"mobile":{"background-color":"var(--ast-global-color-4)","background-image":"","background-repeat":"repeat","background-position":"center center","background-size":"auto","background-attachment":"scroll","background-type":"","background-media":"","overlay-type":"","overlay-color":"","overlay-opacity":"","overlay-gradient":""}},"footnotes":""},"categories":[2,40,36],"tags":[42],"class_list":["post-3613","post","type-post","status-publish","format-standard","has-post-thumbnail","hentry","category-auteurs","category-brabant-wallon","category-dedicaces","tag-rencontre-nivelles-auteurs-dedicaces"],"yoast_head":"<!-- This site is optimized with the Yoast SEO plugin v28.3 - https:\/\/yoast.com\/product\/yoast-seo-wordpress\/ -->\n<title>Rencontre Litt\u00e9raire Nivelles - LBV codex<\/title>\n<meta name=\"robots\" content=\"index, follow, max-snippet:-1, max-image-preview:large, max-video-preview:-1\" \/>\n<link rel=\"canonical\" href=\"https:\/\/lbvcodex.be\/index.php\/2026\/08\/30\/rencontre-litteraire-nivelles\/\" \/>\n<meta property=\"og:locale\" content=\"en_US\" \/>\n<meta property=\"og:type\" content=\"article\" \/>\n<meta property=\"og:title\" content=\"Rencontre Litt\u00e9raire Nivelles - LBV codex\" \/>\n<meta property=\"og:description\" content=\"Inscrivez-vous ! \ud83d\udcda Rencontres d\u2019auteurs \u00e0 Nivelles \u2013 Les inscriptions 2027 sont ouvertes ! Apr\u00e8s les rencontres organis\u00e9es en 2026, [&hellip;]\" \/>\n<meta property=\"og:url\" content=\"https:\/\/lbvcodex.be\/index.php\/2026\/08\/30\/rencontre-litteraire-nivelles\/\" \/>\n<meta property=\"og:site_name\" content=\"LBV codex\" \/>\n<meta property=\"article:publisher\" content=\"https:\/\/www.facebook.com\/profile.php?id=100092133613005\" \/>\n<meta property=\"article:published_time\" content=\"2026-08-30T08:22:29+00:00\" \/>\n<meta property=\"article:modified_time\" content=\"2026-08-30T08:59:34+00:00\" \/>\n<meta property=\"og:image\" content=\"https:\/\/lbvcodex.be\/wp-content\/uploads\/2026\/08\/765694660_998882373192874_4413960066202354311_n-1.jpg\" \/>\n\t<meta property=\"og:image:width\" content=\"2048\" \/>\n\t<meta property=\"og:image:height\" content=\"1366\" \/>\n\t<meta property=\"og:image:type\" content=\"image\/jpeg\" \/>\n<meta name=\"author\" content=\"laurent\" \/>\n<meta name=\"twitter:card\" content=\"summary_large_image\" \/>\n<meta name=\"twitter:label1\" content=\"Written by\" \/>\n\t<meta name=\"twitter:data1\" content=\"laurent\" \/>\n\t<meta name=\"twitter:label2\" content=\"Est. reading time\" \/>\n\t<meta name=\"twitter:data2\" content=\"3 minutes\" \/>\n<script type=\"application\/ld+json\" class=\"yoast-schema-graph\">{\"@context\":\"https:\\\/\\\/schema.org\",\"@graph\":[{\"@type\":\"Article\",\"@id\":\"https:\\\/\\\/lbvcodex.be\\\/index.php\\\/2026\\\/08\\\/30\\\/rencontre-litteraire-nivelles\\\/#article\",\"isPartOf\":{\"@id\":\"https:\\\/\\\/lbvcodex.be\\\/index.php\\\/2026\\\/08\\\/30\\\/rencontre-litteraire-nivelles\\\/\"},\"author\":{\"name\":\"laurent\",\"@id\":\"https:\\\/\\\/lbvcodex.be\\\/#\\\/schema\\\/person\\\/1fa080d849e3951650a4bcacae82d798\"},\"headline\":\"Rencontre Litt\u00e9raire Nivelles\",\"datePublished\":\"2026-08-30T08:22:29+00:00\",\"dateModified\":\"2026-08-30T08:59:34+00:00\",\"mainEntityOfPage\":{\"@id\":\"https:\\\/\\\/lbvcodex.be\\\/index.php\\\/2026\\\/08\\\/30\\\/rencontre-litteraire-nivelles\\\/\"},\"wordCount\":366,\"commentCount\":0,\"publisher\":{\"@id\":\"https:\\\/\\\/lbvcodex.be\\\/#organization\"},\"image\":{\"@id\":\"https:\\\/\\\/lbvcodex.be\\\/index.php\\\/2026\\\/08\\\/30\\\/rencontre-litteraire-nivelles\\\/#primaryimage\"},\"thumbnailUrl\":\"https:\\\/\\\/lbvcodex.be\\\/wp-content\\\/uploads\\\/2026\\\/08\\\/765694660_998882373192874_4413960066202354311_n-1.jpg\",\"keywords\":[\"rencontre Nivelles auteurs d\u00e9dicaces\"],\"articleSection\":[\"auteurs\",\"Brabant wallon\",\"d\u00e9dicaces\"],\"inLanguage\":\"en-US\",\"potentialAction\":[{\"@type\":\"CommentAction\",\"name\":\"Comment\",\"target\":[\"https:\\\/\\\/lbvcodex.be\\\/index.php\\\/2026\\\/08\\\/30\\\/rencontre-litteraire-nivelles\\\/#respond\"]}]},{\"@type\":\"WebPage\",\"@id\":\"https:\\\/\\\/lbvcodex.be\\\/index.php\\\/2026\\\/08\\\/30\\\/rencontre-litteraire-nivelles\\\/\",\"url\":\"https:\\\/\\\/lbvcodex.be\\\/index.php\\\/2026\\\/08\\\/30\\\/rencontre-litteraire-nivelles\\\/\",\"name\":\"Rencontre Litt\u00e9raire Nivelles - LBV codex\",\"isPartOf\":{\"@id\":\"https:\\\/\\\/lbvcodex.be\\\/#website\"},\"primaryImageOfPage\":{\"@id\":\"https:\\\/\\\/lbvcodex.be\\\/index.php\\\/2026\\\/08\\\/30\\\/rencontre-litteraire-nivelles\\\/#primaryimage\"},\"image\":{\"@id\":\"https:\\\/\\\/lbvcodex.be\\\/index.php\\\/2026\\\/08\\\/30\\\/rencontre-litteraire-nivelles\\\/#primaryimage\"},\"thumbnailUrl\":\"https:\\\/\\\/lbvcodex.be\\\/wp-content\\\/uploads\\\/2026\\\/08\\\/765694660_998882373192874_4413960066202354311_n-1.jpg\",\"datePublished\":\"2026-08-30T08:22:29+00:00\",\"dateModified\":\"2026-08-30T08:59:34+00:00\",\"breadcrumb\":{\"@id\":\"https:\\\/\\\/lbvcodex.be\\\/index.php\\\/2026\\\/08\\\/30\\\/rencontre-litteraire-nivelles\\\/#breadcrumb\"},\"inLanguage\":\"en-US\",\"potentialAction\":[{\"@type\":\"ReadAction\",\"target\":[\"https:\\\/\\\/lbvcodex.be\\\/index.php\\\/2026\\\/08\\\/30\\\/rencontre-litteraire-nivelles\\\/\"]}]},{\"@type\":\"ImageObject\",\"inLanguage\":\"en-US\",\"@id\":\"https:\\\/\\\/lbvcodex.be\\\/index.php\\\/2026\\\/08\\\/30\\\/rencontre-litteraire-nivelles\\\/#primaryimage\",\"url\":\"https:\\\/\\\/lbvcodex.be\\\/wp-content\\\/uploads\\\/2026\\\/08\\\/765694660_998882373192874_4413960066202354311_n-1.jpg\",\"contentUrl\":\"https:\\\/\\\/lbvcodex.be\\\/wp-content\\\/uploads\\\/2026\\\/08\\\/765694660_998882373192874_4413960066202354311_n-1.jpg\",\"width\":2048,\"height\":1366},{\"@type\":\"BreadcrumbList\",\"@id\":\"https:\\\/\\\/lbvcodex.be\\\/index.php\\\/2026\\\/08\\\/30\\\/rencontre-litteraire-nivelles\\\/#breadcrumb\",\"itemListElement\":[{\"@type\":\"ListItem\",\"position\":1,\"name\":\"Accueil\",\"item\":\"https:\\\/\\\/lbvcodex.be\\\/\"},{\"@type\":\"ListItem\",\"position\":2,\"name\":\"Rencontre Litt\u00e9raire Nivelles\"}]},{\"@type\":\"WebSite\",\"@id\":\"https:\\\/\\\/lbvcodex.be\\\/#website\",\"url\":\"https:\\\/\\\/lbvcodex.be\\\/\",\"name\":\"salon litt\u00e9raire\",\"description\":\"&quot;Des mots, des plumes, des rencontres : le salon des auteurs vous attend !&quot;\",\"publisher\":{\"@id\":\"https:\\\/\\\/lbvcodex.be\\\/#organization\"},\"potentialAction\":[{\"@type\":\"SearchAction\",\"target\":{\"@type\":\"EntryPoint\",\"urlTemplate\":\"https:\\\/\\\/lbvcodex.be\\\/?s={search_term_string}\"},\"query-input\":{\"@type\":\"PropertyValueSpecification\",\"valueRequired\":true,\"valueName\":\"search_term_string\"}}],\"inLanguage\":\"en-US\"},{\"@type\":\"Organization\",\"@id\":\"https:\\\/\\\/lbvcodex.be\\\/#organization\",\"name\":\"LBV codex\",\"url\":\"https:\\\/\\\/lbvcodex.be\\\/\",\"logo\":{\"@type\":\"ImageObject\",\"inLanguage\":\"en-US\",\"@id\":\"https:\\\/\\\/lbvcodex.be\\\/#\\\/schema\\\/logo\\\/image\\\/\",\"url\":\"https:\\\/\\\/lbvcodex.be\\\/wp-content\\\/uploads\\\/2025\\\/01\\\/cropped-logo-lbv-codex.png\",\"contentUrl\":\"https:\\\/\\\/lbvcodex.be\\\/wp-content\\\/uploads\\\/2025\\\/01\\\/cropped-logo-lbv-codex.png\",\"width\":221,\"height\":185,\"caption\":\"LBV codex\"},\"image\":{\"@id\":\"https:\\\/\\\/lbvcodex.be\\\/#\\\/schema\\\/logo\\\/image\\\/\"},\"sameAs\":[\"https:\\\/\\\/www.facebook.com\\\/profile.php?id=100092133613005\",\"https:\\\/\\\/www.instagram.com\\\/lbvcodex\\\/\"]},{\"@type\":\"Person\",\"@id\":\"https:\\\/\\\/lbvcodex.be\\\/#\\\/schema\\\/person\\\/1fa080d849e3951650a4bcacae82d798\",\"name\":\"laurent\",\"image\":{\"@type\":\"ImageObject\",\"inLanguage\":\"en-US\",\"@id\":\"https:\\\/\\\/secure.gravatar.com\\\/avatar\\\/815f4a5007d789bcffc4e1fc927e1e31475fb8e5b8763e2da2a86ae29c14e6f8?s=96&d=mm&r=g\",\"url\":\"https:\\\/\\\/secure.gravatar.com\\\/avatar\\\/815f4a5007d789bcffc4e1fc927e1e31475fb8e5b8763e2da2a86ae29c14e6f8?s=96&d=mm&r=g\",\"contentUrl\":\"https:\\\/\\\/secure.gravatar.com\\\/avatar\\\/815f4a5007d789bcffc4e1fc927e1e31475fb8e5b8763e2da2a86ae29c14e6f8?s=96&d=mm&r=g\",\"caption\":\"laurent\"},\"sameAs\":[\"https:\\\/\\\/lbvcodex.be\"],\"url\":\"https:\\\/\\\/lbvcodex.be\\\/index.php\\\/author\\\/laurent\\\/\"}]}<\/script>\n<!-- \/ Yoast SEO plugin. -->","yoast_head_json":{"title":"Rencontre Litt\u00e9raire Nivelles - LBV codex","robots":{"index":"index","follow":"follow","max-snippet":"max-snippet:-1","max-image-preview":"max-image-preview:large","max-video-preview":"max-video-preview:-1"},"canonical":"https:\/\/lbvcodex.be\/index.php\/2026\/08\/30\/rencontre-litteraire-nivelles\/","og_locale":"en_US","og_type":"article","og_title":"Rencontre Litt\u00e9raire Nivelles - LBV codex","og_description":"Inscrivez-vous ! \ud83d\udcda Rencontres d\u2019auteurs \u00e0 Nivelles \u2013 Les inscriptions 2027 sont ouvertes ! Apr\u00e8s les rencontres organis\u00e9es en 2026, [&hellip;]","og_url":"https:\/\/lbvcodex.be\/index.php\/2026\/08\/30\/rencontre-litteraire-nivelles\/","og_site_name":"LBV codex","article_publisher":"https:\/\/www.facebook.com\/profile.php?id=100092133613005","article_published_time":"2026-08-30T08:22:29+00:00","article_modified_time":"2026-08-30T08:59:34+00:00","og_image":[{"width":2048,"height":1366,"url":"https:\/\/lbvcodex.be\/wp-content\/uploads\/2026\/08\/765694660_998882373192874_4413960066202354311_n-1.jpg","type":"image\/jpeg"}],"author":"laurent","twitter_card":"summary_large_image","twitter_misc":{"Written by":"laurent","Est. reading time":"3 minutes"},"schema":{"@context":"https:\/\/schema.org","@graph":[{"@type":"Article","@id":"https:\/\/lbvcodex.be\/index.php\/2026\/08\/30\/rencontre-litteraire-nivelles\/#article","isPartOf":{"@id":"https:\/\/lbvcodex.be\/index.php\/2026\/08\/30\/rencontre-litteraire-nivelles\/"},"author":{"name":"laurent","@id":"https:\/\/lbvcodex.be\/#\/schema\/person\/1fa080d849e3951650a4bcacae82d798"},"headline":"Rencontre Litt\u00e9raire Nivelles","datePublished":"2026-08-30T08:22:29+00:00","dateModified":"2026-08-30T08:59:34+00:00","mainEntityOfPage":{"@id":"https:\/\/lbvcodex.be\/index.php\/2026\/08\/30\/rencontre-litteraire-nivelles\/"},"wordCount":366,"commentCount":0,"publisher":{"@id":"https:\/\/lbvcodex.be\/#organization"},"image":{"@id":"https:\/\/lbvcodex.be\/index.php\/2026\/08\/30\/rencontre-litteraire-nivelles\/#primaryimage"},"thumbnailUrl":"https:\/\/lbvcodex.be\/wp-content\/uploads\/2026\/08\/765694660_998882373192874_4413960066202354311_n-1.jpg","keywords":["rencontre Nivelles auteurs d\u00e9dicaces"],"articleSection":["auteurs","Brabant wallon","d\u00e9dicaces"],"inLanguage":"en-US","potentialAction":[{"@type":"CommentAction","name":"Comment","target":["https:\/\/lbvcodex.be\/index.php\/2026\/08\/30\/rencontre-litteraire-nivelles\/#respond"]}]},{"@type":"WebPage","@id":"https:\/\/lbvcodex.be\/index.php\/2026\/08\/30\/rencontre-litteraire-nivelles\/","url":"https:\/\/lbvcodex.be\/index.php\/2026\/08\/30\/rencontre-litteraire-nivelles\/","name":"Rencontre Litt\u00e9raire Nivelles - LBV codex","isPartOf":{"@id":"https:\/\/lbvcodex.be\/#website"},"primaryImageOfPage":{"@id":"https:\/\/lbvcodex.be\/index.php\/2026\/08\/30\/rencontre-litteraire-nivelles\/#primaryimage"},"image":{"@id":"https:\/\/lbvcodex.be\/index.php\/2026\/08\/30\/rencontre-litteraire-nivelles\/#primaryimage"},"thumbnailUrl":"https:\/\/lbvcodex.be\/wp-content\/uploads\/2026\/08\/765694660_998882373192874_4413960066202354311_n-1.jpg","datePublished":"2026-08-30T08:22:29+00:00","dateModified":"2026-08-30T08:59:34+00:00","breadcrumb":{"@id":"https:\/\/lbvcodex.be\/index.php\/2026\/08\/30\/rencontre-litteraire-nivelles\/#breadcrumb"},"inLanguage":"en-US","potentialAction":[{"@type":"ReadAction","target":["https:\/\/lbvcodex.be\/index.php\/2026\/08\/30\/rencontre-litteraire-nivelles\/"]}]},{"@type":"ImageObject","inLanguage":"en-US","@id":"https:\/\/lbvcodex.be\/index.php\/2026\/08\/30\/rencontre-litteraire-nivelles\/#primaryimage","url":"https:\/\/lbvcodex.be\/wp-content\/uploads\/2026\/08\/765694660_998882373192874_4413960066202354311_n-1.jpg","contentUrl":"https:\/\/lbvcodex.be\/wp-content\/uploads\/2026\/08\/765694660_998882373192874_4413960066202354311_n-1.jpg","width":2048,"height":1366},{"@type":"BreadcrumbList","@id":"https:\/\/lbvcodex.be\/index.php\/2026\/08\/30\/rencontre-litteraire-nivelles\/#breadcrumb","itemListElement":[{"@type":"ListItem","position":1,"name":"Accueil","item":"https:\/\/lbvcodex.be\/"},{"@type":"ListItem","position":2,"name":"Rencontre Litt\u00e9raire Nivelles"}]},{"@type":"WebSite","@id":"https:\/\/lbvcodex.be\/#website","url":"https:\/\/lbvcodex.be\/","name":"salon litt\u00e9raire","description":"&quot;Des mots, des plumes, des rencontres : le salon des auteurs vous attend !&quot;","publisher":{"@id":"https:\/\/lbvcodex.be\/#organization"},"potentialAction":[{"@type":"SearchAction","target":{"@type":"EntryPoint","urlTemplate":"https:\/\/lbvcodex.be\/?s={search_term_string}"},"query-input":{"@type":"PropertyValueSpecification","valueRequired":true,"valueName":"search_term_string"}}],"inLanguage":"en-US"},{"@type":"Organization","@id":"https:\/\/lbvcodex.be\/#organization","name":"LBV codex","url":"https:\/\/lbvcodex.be\/","logo":{"@type":"ImageObject","inLanguage":"en-US","@id":"https:\/\/lbvcodex.be\/#\/schema\/logo\/image\/","url":"https:\/\/lbvcodex.be\/wp-content\/uploads\/2025\/01\/cropped-logo-lbv-codex.png","contentUrl":"https:\/\/lbvcodex.be\/wp-content\/uploads\/2025\/01\/cropped-logo-lbv-codex.png","width":221,"height":185,"caption":"LBV codex"},"image":{"@id":"https:\/\/lbvcodex.be\/#\/schema\/logo\/image\/"},"sameAs":["https:\/\/www.facebook.com\/profile.php?id=100092133613005","https:\/\/www.instagram.com\/lbvcodex\/"]},{"@type":"Person","@id":"https:\/\/lbvcodex.be\/#\/schema\/person\/1fa080d849e3951650a4bcacae82d798","name":"laurent","image":{"@type":"ImageObject","inLanguage":"en-US","@id":"https:\/\/secure.gravatar.com\/avatar\/815f4a5007d789bcffc4e1fc927e1e31475fb8e5b8763e2da2a86ae29c14e6f8?s=96&d=mm&r=g","url":"https:\/\/secure.gravatar.com\/avatar\/815f4a5007d789bcffc4e1fc927e1e31475fb8e5b8763e2da2a86ae29c14e6f8?s=96&d=mm&r=g","contentUrl":"https:\/\/secure.gravatar.com\/avatar\/815f4a5007d789bcffc4e1fc927e1e31475fb8e5b8763e2da2a86ae29c14e6f8?s=96&d=mm&r=g","caption":"laurent"},"sameAs":["https:\/\/lbvcodex.be"],"url":"https:\/\/lbvcodex.be\/index.php\/author\/laurent\/"}]}},"_links":{"self":[{"href":"https:\/\/lbvcodex.be\/index.php\/wp-json\/wp\/v2\/posts\/3613","targetHints":{"allow":["GET"]}}],"collection":[{"href":"https:\/\/lbvcodex.be\/index.php\/wp-json\/wp\/v2\/posts"}],"about":[{"href":"https:\/\/lbvcodex.be\/index.php\/wp-json\/wp\/v2\/types\/post"}],"author":[{"embeddable":true,"href":"https:\/\/lbvcodex.be\/index.php\/wp-json\/wp\/v2\/users\/1"}],"replies":[{"embeddable":true,"href":"https:\/\/lbvcodex.be\/index.php\/wp-json\/wp\/v2\/comments?post=3613"}],"version-history":[{"count":3,"href":"https:\/\/lbvcodex.be\/index.php\/wp-json\/wp\/v2\/posts\/3613\/revisions"}],"predecessor-version":[{"id":3624,"href":"https:\/\/lbvcodex.be\/index.php\/wp-json\/wp\/v2\/posts\/3613\/revisions\/3624"}],"wp:featuredmedia":[{"embeddable":true,"href":"https:\/\/lbvcodex.be\/index.php\/wp-json\/wp\/v2\/media\/3618"}],"wp:attachment":[{"href":"https:\/\/lbvcodex.be\/index.php\/wp-json\/wp\/v2\/media?parent=3613"}],"wp:term":[{"taxonomy":"category","embeddable":true,"href":"https:\/\/lbvcodex.be\/index.php\/wp-json\/wp\/v2\/categories?post=3613"},{"taxonomy":"post_tag","embeddable":true,"href":"https:\/\/lbvcodex.be\/index.php\/wp-json\/wp\/v2\/tags?post=3613"}],"curies":[{"name":"wp","href":"https:\/\/api.w.org\/{rel}","templated":true}]}}